{"id":573,"date":"2023-12-22T17:49:29","date_gmt":"2023-12-22T17:49:29","guid":{"rendered":"https:\/\/www.defneyayinevi.com.tr\/?p=573"},"modified":"2025-03-13T08:46:28","modified_gmt":"2025-03-13T08:46:28","slug":"alic","status":"publish","type":"post","link":"http:\/\/www.defneyayinevi.com.tr\/index.php\/2023\/12\/22\/alic\/","title":{"rendered":"ALI\u00c7"},"content":{"rendered":"\n<p>&nbsp;&nbsp;&nbsp;&nbsp;&nbsp; \u2018\u2019Yunus bana bu\u011fday gerek demi\u015fse, bu insan\u0131n \u00f6nce karn\u0131n\u0131n doymas\u0131, yani ya\u015famas\u0131 gerekti\u011finin vurgulanmas\u0131d\u0131r, bu d\u00fcnyan\u0131n hakk\u0131n\u0131 vermenin ka\u00e7\u0131n\u0131lmaz oldu\u011fudur, \u00e7\u00fcnk\u00fc himmetle ula\u015f\u0131lan y\u00fcce de\u011ferlerin ta\u015f\u0131y\u0131c\u0131s\u0131 biyolojik varl\u0131\u011f\u0131m\u0131zd\u0131r. Bu\u011fday\u0131 ald\u0131ktan sonra da himmeti istemesi bu\u011fdaya tak\u0131l\u0131p kalmad\u0131\u011f\u0131n\u0131, d\u00fcnyaya sa\u011flanmad\u0131\u011f\u0131n\u0131, maddeyi a\u015fmaya haz\u0131r oldu\u011funu g\u00f6steriyor. \u2018\u2019&nbsp;&nbsp;&nbsp;&nbsp;&nbsp;&nbsp;&nbsp;&nbsp;&nbsp;&nbsp;&nbsp;&nbsp;&nbsp;&nbsp;&nbsp;&nbsp;&nbsp;&nbsp;&nbsp;&nbsp;&nbsp;&nbsp;&nbsp;&nbsp;&nbsp;&nbsp;&nbsp;&nbsp;&nbsp;&nbsp;&nbsp;&nbsp;&nbsp;&nbsp;&nbsp;&nbsp;&nbsp;&nbsp;&nbsp;&nbsp;&nbsp;&nbsp;&nbsp;&nbsp;&nbsp;&nbsp;&nbsp;&nbsp;&nbsp;&nbsp;&nbsp;&nbsp;&nbsp;&nbsp;&nbsp;&nbsp;&nbsp;&nbsp;&nbsp;&nbsp;&nbsp;&nbsp;&nbsp;&nbsp;&nbsp;&nbsp;&nbsp;&nbsp;&nbsp;&nbsp;&nbsp;&nbsp;&nbsp;&nbsp;&nbsp;&nbsp;&nbsp;&nbsp;&nbsp;&nbsp;&nbsp;&nbsp;&nbsp;&nbsp;&nbsp;&nbsp;&nbsp;&nbsp;&nbsp;&nbsp;&nbsp;&nbsp;&nbsp;&nbsp;&nbsp;&nbsp;<\/p>\n\n\n\n<p><strong>&nbsp;&nbsp;&nbsp;&nbsp;&nbsp;&nbsp;&nbsp;&nbsp;&nbsp;&nbsp;&nbsp;&nbsp;&nbsp;&nbsp;&nbsp;&nbsp;&nbsp;&nbsp;&nbsp;&nbsp;&nbsp;&nbsp;&nbsp;&nbsp;&nbsp;&nbsp;&nbsp;&nbsp;&nbsp;&nbsp;&nbsp;&nbsp;&nbsp;&nbsp; &nbsp;&nbsp;&nbsp;&nbsp;&nbsp;&nbsp;&nbsp;&nbsp;&nbsp;&nbsp;&nbsp;&nbsp;&nbsp;&nbsp;&nbsp;&nbsp;&nbsp;&nbsp;&nbsp;&nbsp;&nbsp;&nbsp;&nbsp;&nbsp;&nbsp;&nbsp;&nbsp;&nbsp;&nbsp;&nbsp;&nbsp;&nbsp;Turan Oflazo\u011flu<\/strong><\/p>\n\n\n\n<h1 class=\"wp-block-heading\">&nbsp;&nbsp;&nbsp;&nbsp;&nbsp;&nbsp;&nbsp;&nbsp;&nbsp;&nbsp; &nbsp;<a>ALI\u00c7<\/a><\/h1>\n\n\n\n<p><em><strong>&nbsp;&nbsp;&nbsp;&nbsp;&nbsp;&nbsp;&nbsp;&nbsp;&nbsp; &nbsp;&nbsp;&nbsp;&nbsp;&nbsp;&nbsp;&nbsp;&nbsp;&nbsp;&nbsp;&nbsp;&nbsp;&nbsp;&nbsp;&nbsp;&nbsp;&nbsp;&nbsp;&nbsp;&nbsp;&nbsp;&nbsp;&nbsp;&nbsp;&nbsp;&nbsp;&nbsp;&nbsp;&nbsp;<\/strong><\/em><em><strong>Yunus miskin \u00e7i\u011f idik pi\u015ftik elhamd\u00fclillah<\/strong><\/em><strong>.<\/strong><\/p>\n\n\n\n<p>Anadolu sarar\u0131p solmu\u015f bir yang\u0131n yeri<\/p>\n\n\n\n<p>Kurumu\u015f \u0131rmaklar\u0131n yata\u011f\u0131nda a\u011f\u0131tlar<\/p>\n\n\n\n<p>Uzun yola \u00e7\u0131kt\u0131m demir \u00e7ar\u0131k demir asa<\/p>\n\n\n\n<p>G\u00f6nl\u00fcmde d\u00fcnyan\u0131n bin mihneti bin cevri<\/p>\n\n\n\n<p>Kendimi arar\u0131m esen r\u00fczg\u00e2rlar\u0131n s\u0131rl\u0131 dilinde<\/p>\n\n\n\n<p>Da\u011flara sordu\u011fum ben kimim neyim<\/p>\n\n\n\n<p>Bir al\u0131c\u0131n g\u00f6lgesinde arad\u0131m gelmi\u015f ile ge\u00e7mi\u015fi<\/p>\n\n\n\n<p>Bak\u0131p i\u00e7imdeki ac\u0131s\u0131 dinmeyen m\u00fczmin yarama<\/p>\n\n\n\n<p>Heybemi doldurdum sar\u0131 al\u0131\u00e7la umudum \u00fcrkek<\/p>\n\n\n\n<p>Vuslat\u0131 ermenin vakti yakla\u015ft\u0131 g\u00fcller a\u00e7\u0131yor<\/p>\n\n\n\n<p>Ah al\u0131\u00e7 can al\u0131\u00e7 geceden sabah\u0131 bulacak m\u0131y\u0131z<\/p>\n\n\n\n<p>\u2018\u2019Bilme\u2019\u2019nin t\u0131ls\u0131m\u0131n\u0131 hangi kutlu s\u00f6zler \u00e7\u00f6zecek<\/p>\n\n\n\n<p>Sen al\u0131\u00e7 ben garip \u2018\u2019olma\u2019\u2019n\u0131n efsunu me\u00e7hul bir deniz<\/p>\n\n\n\n<p>H\u00fcnkar\u2019\u0131m sen doldur yoksul y\u00fcre\u011fimi a\u015fk nefesinle<\/p>\n","protected":false},"excerpt":{"rendered":"<p>&nbsp;&nbsp;&nbsp;&nbsp;&nbsp; \u2018\u2019Yunus bana bu\u011fday gerek demi\u015fse, bu insan\u0131n \u00f6nce karn\u0131n\u0131n doymas\u0131, yani ya\u015famas\u0131 gerekti\u011finin vurgulanmas\u0131d\u0131r, bu d\u00fcnyan\u0131n hakk\u0131n\u0131 vermenin ka\u00e7\u0131n\u0131lmaz oldu\u011fudur, \u00e7\u00fcnk\u00fc himmetle ula\u015f\u0131lan y\u00fcce de\u011ferlerin ta\u015f\u0131y\u0131c\u0131s\u0131 biyolojik varl\u0131\u011f\u0131m\u0131zd\u0131r. Bu\u011fday\u0131 ald\u0131ktan sonra da himmeti istemesi bu\u011fdaya tak\u0131l\u0131p kalmad\u0131\u011f\u0131n\u0131, d\u00fcnyaya sa\u011flanmad\u0131\u011f\u0131n\u0131, maddeyi a\u015fmaya haz\u0131r oldu\u011funu g\u00f6steriyor. \u2018\u2019&nbsp;&nbsp;&nbsp;&nbsp;&nbsp;&nbsp;&nbsp;&nbsp;&nbsp;&nbsp;&nbsp;&nbsp;&nbsp;&nbsp;&nbsp;&nbsp;&nbsp;&nbsp;&nbsp;&nbsp;&nbsp;&nbsp;&nbsp;&nbsp;&nbsp;&nbsp;&nbsp;&nbsp;&nbsp;&nbsp;&nbsp;&nbsp;&nbsp;&nbsp;&nbsp;&nbsp;&nbsp;&nbsp;&nbsp;&nbsp;&nbsp;&nbsp;&nbsp;&nbsp;&nbsp;&nbsp;&nbsp;&nbsp;&nbsp;&nbsp;&nbsp;&nbsp;&nbsp;&nbsp;&nbsp;&nbsp;&nbsp;&nbsp;&nbsp;&nbsp;&nbsp;&nbsp;&nbsp;&nbsp;&nbsp;&nbsp;&nbsp;&nbsp;&nbsp;&nbsp;&nbsp;&nbsp;&nbsp;&nbsp;&nbsp;&nbsp;&nbsp;&nbsp;&nbsp;&nbsp;&nbsp;&nbsp;&nbsp;&nbsp;&nbsp;&nbsp;&nbsp;&nbsp;&nbsp;&nbsp;&nbsp;&nbsp;&nbsp;&nbsp;&nbsp;&nbsp; &nbsp;&nbsp;&nbsp;&nbsp;&nbsp;&nbsp;&nbsp;&nbsp;&nbsp;&nbsp;&nbsp;&nbsp;&nbsp;&nbsp;&nbsp;&nbsp;&nbsp;&nbsp;&nbsp;&nbsp;&nbsp;&nbsp;&nbsp;&nbsp;&nbsp;&nbsp;&nbsp;&nbsp;&nbsp;&nbsp;&nbsp;&nbsp;&nbsp;&nbsp; &nbsp;&nbsp;&nbsp;&nbsp;&nbsp;&nbsp;&nbsp;&nbsp;&nbsp;&nbsp;&nbsp;&nbsp;&nbsp;&nbsp;&nbsp;&nbsp;&nbsp;&nbsp;&nbsp;&nbsp;&nbsp;&nbsp;&nbsp;&nbsp;&nbsp;&nbsp;&nbsp;&nbsp;&nbsp;&nbsp;&nbsp;&nbsp;Turan Oflazo\u011flu &nbsp;&nbsp;&nbsp;&nbsp;&nbsp;&nbsp;&nbsp;&nbsp;&nbsp;&nbsp; &nbsp;ALI\u00c7 &nbsp;&nbsp;&nbsp;&nbsp;&nbsp;&nbsp;&nbsp;&nbsp;&nbsp; &nbsp;&nbsp;&nbsp;&nbsp;&nbsp;&nbsp;&nbsp;&nbsp;&nbsp;&nbsp;&nbsp;&nbsp;&nbsp;&nbsp;&nbsp;&nbsp;&nbsp;&nbsp;&nbsp;&nbsp;&nbsp;&nbsp;&nbsp;&nbsp;&nbsp;&nbsp;&nbsp;&nbsp;&nbsp;Yunus miskin \u00e7i\u011f [&hellip;]<\/p>\n","protected":false},"author":1,"featured_media":574,"comment_status":"closed","ping_status":"closed","sticky":false,"template":"","format":"standard","meta":{"footnotes":""},"categories":[11],"tags":[],"class_list":["post-573","post","type-post","status-publish","format-standard","has-post-thumbnail","hentry","category-kitaplarimiz"],"yoast_head":"<!-- This site is optimized with the Yoast SEO plugin v24.6 - https:\/\/yoast.com\/wordpress\/plugins\/seo\/ -->\n<title>Al\u0131\u00e7 Kitap<\/title>\n<meta name=\"description\" content=\"Yunus bana bu\u011fday gerek demi\u015fse, bu insan\u0131n \u00f6nce karn\u0131n\u0131n doymas\u0131, yani ya\u015famas\u0131 gerekti\u011finin vurgulanmas\u0131d\u0131r, bu d\u00fcnyan\u0131n hakk\u0131n\u0131 vermenin ka\u00e7\u0131n\u0131lmaz oldu\u011fudur\" \/>\n<meta name=\"robots\" content=\"index, follow, max-snippet:-1, max-image-preview:large, max-video-preview:-1\" \/>\n<link rel=\"canonical\" href=\"http:\/\/www.defneyayinevi.com.tr\/index.php\/2023\/12\/22\/alic\/\" \/>\n<meta property=\"og:locale\" content=\"tr_TR\" \/>\n<meta property=\"og:type\" content=\"article\" \/>\n<meta property=\"og:title\" content=\"Al\u0131\u00e7 Kitap\" \/>\n<meta property=\"og:description\" content=\"Yunus bana bu\u011fday gerek demi\u015fse, bu insan\u0131n \u00f6nce karn\u0131n\u0131n doymas\u0131, yani ya\u015famas\u0131 gerekti\u011finin vurgulanmas\u0131d\u0131r, bu d\u00fcnyan\u0131n hakk\u0131n\u0131 vermenin ka\u00e7\u0131n\u0131lmaz oldu\u011fudur\" \/>\n<meta property=\"og:url\" content=\"http:\/\/www.defneyayinevi.com.tr\/index.php\/2023\/12\/22\/alic\/\" \/>\n<meta property=\"og:site_name\" content=\"Defne Yay\u0131nevi\" \/>\n<meta property=\"article:published_time\" content=\"2023-12-22T17:49:29+00:00\" \/>\n<meta property=\"article:modified_time\" content=\"2025-03-13T08:46:28+00:00\" \/>\n<meta property=\"og:image\" content=\"http:\/\/www.defneyayinevi.com.tr\/wp-content\/uploads\/2023\/12\/ALIC-709x1024.jpg\" \/>\n\t<meta property=\"og:image:width\" content=\"709\" \/>\n\t<meta property=\"og:image:height\" content=\"1024\" \/>\n\t<meta property=\"og:image:type\" content=\"image\/jpeg\" \/>\n<meta name=\"author\" content=\"admin\" \/>\n<meta name=\"twitter:card\" content=\"summary_large_image\" \/>\n<meta name=\"twitter:label1\" content=\"Yazan:\" \/>\n\t<meta name=\"twitter:data1\" content=\"admin\" \/>\n\t<meta name=\"twitter:label2\" content=\"Tahmini okuma s\u00fcresi\" \/>\n\t<meta name=\"twitter:data2\" content=\"2 dakika\" \/>\n<script type=\"application\/ld+json\" class=\"yoast-schema-graph\">{\"@context\":\"https:\/\/schema.org\",\"@graph\":[{\"@type\":\"Article\",\"@id\":\"http:\/\/www.defneyayinevi.com.tr\/index.php\/2023\/12\/22\/alic\/#article\",\"isPartOf\":{\"@id\":\"http:\/\/www.defneyayinevi.com.tr\/index.php\/2023\/12\/22\/alic\/\"},\"author\":{\"name\":\"admin\",\"@id\":\"https:\/\/www.defneyayinevi.com.tr\/#\/schema\/person\/5e98f819200ff7074173fa1855c02abe\"},\"headline\":\"ALI\u00c7\",\"datePublished\":\"2023-12-22T17:49:29+00:00\",\"dateModified\":\"2025-03-13T08:46:28+00:00\",\"mainEntityOfPage\":{\"@id\":\"http:\/\/www.defneyayinevi.com.tr\/index.php\/2023\/12\/22\/alic\/\"},\"wordCount\":446,\"publisher\":{\"@id\":\"https:\/\/www.defneyayinevi.com.tr\/#organization\"},\"image\":{\"@id\":\"http:\/\/www.defneyayinevi.com.tr\/index.php\/2023\/12\/22\/alic\/#primaryimage\"},\"thumbnailUrl\":\"http:\/\/www.defneyayinevi.com.tr\/wp-content\/uploads\/2023\/12\/ALIC.jpg\",\"articleSection\":[\"Kitaplar\u0131m\u0131z\"],\"inLanguage\":\"tr\"},{\"@type\":\"WebPage\",\"@id\":\"http:\/\/www.defneyayinevi.com.tr\/index.php\/2023\/12\/22\/alic\/\",\"url\":\"http:\/\/www.defneyayinevi.com.tr\/index.php\/2023\/12\/22\/alic\/\",\"name\":\"Al\u0131\u00e7 Kitap\",\"isPartOf\":{\"@id\":\"https:\/\/www.defneyayinevi.com.tr\/#website\"},\"primaryImageOfPage\":{\"@id\":\"http:\/\/www.defneyayinevi.com.tr\/index.php\/2023\/12\/22\/alic\/#primaryimage\"},\"image\":{\"@id\":\"http:\/\/www.defneyayinevi.com.tr\/index.php\/2023\/12\/22\/alic\/#primaryimage\"},\"thumbnailUrl\":\"http:\/\/www.defneyayinevi.com.tr\/wp-content\/uploads\/2023\/12\/ALIC.jpg\",\"datePublished\":\"2023-12-22T17:49:29+00:00\",\"dateModified\":\"2025-03-13T08:46:28+00:00\",\"description\":\"Yunus bana bu\u011fday gerek demi\u015fse, bu insan\u0131n \u00f6nce karn\u0131n\u0131n doymas\u0131, yani ya\u015famas\u0131 gerekti\u011finin vurgulanmas\u0131d\u0131r, bu d\u00fcnyan\u0131n hakk\u0131n\u0131 vermenin ka\u00e7\u0131n\u0131lmaz oldu\u011fudur\",\"breadcrumb\":{\"@id\":\"http:\/\/www.defneyayinevi.com.tr\/index.php\/2023\/12\/22\/alic\/#breadcrumb\"},\"inLanguage\":\"tr\",\"potentialAction\":[{\"@type\":\"ReadAction\",\"target\":[\"http:\/\/www.defneyayinevi.com.tr\/index.php\/2023\/12\/22\/alic\/\"]}]},{\"@type\":\"ImageObject\",\"inLanguage\":\"tr\",\"@id\":\"http:\/\/www.defneyayinevi.com.tr\/index.php\/2023\/12\/22\/alic\/#primaryimage\",\"url\":\"http:\/\/www.defneyayinevi.com.tr\/wp-content\/uploads\/2023\/12\/ALIC.jpg\",\"contentUrl\":\"http:\/\/www.defneyayinevi.com.tr\/wp-content\/uploads\/2023\/12\/ALIC.jpg\",\"width\":1594,\"height\":2303},{\"@type\":\"BreadcrumbList\",\"@id\":\"http:\/\/www.defneyayinevi.com.tr\/index.php\/2023\/12\/22\/alic\/#breadcrumb\",\"itemListElement\":[{\"@type\":\"ListItem\",\"position\":1,\"name\":\"Anasayfa\",\"item\":\"https:\/\/www.defneyayinevi.com.tr\/\"},{\"@type\":\"ListItem\",\"position\":2,\"name\":\"ALI\u00c7\"}]},{\"@type\":\"WebSite\",\"@id\":\"https:\/\/www.defneyayinevi.com.tr\/#website\",\"url\":\"https:\/\/www.defneyayinevi.com.tr\/\",\"name\":\"Defne Yay\u0131nevi\",\"description\":\"Yarat\u0131c\u0131 Kalemler i\u00e7in...\",\"publisher\":{\"@id\":\"https:\/\/www.defneyayinevi.com.tr\/#organization\"},\"potentialAction\":[{\"@type\":\"SearchAction\",\"target\":{\"@type\":\"EntryPoint\",\"urlTemplate\":\"https:\/\/www.defneyayinevi.com.tr\/?s={search_term_string}\"},\"query-input\":{\"@type\":\"PropertyValueSpecification\",\"valueRequired\":true,\"valueName\":\"search_term_string\"}}],\"inLanguage\":\"tr\"},{\"@type\":\"Organization\",\"@id\":\"https:\/\/www.defneyayinevi.com.tr\/#organization\",\"name\":\"Defne Yay\u0131nevi\",\"url\":\"https:\/\/www.defneyayinevi.com.tr\/\",\"logo\":{\"@type\":\"ImageObject\",\"inLanguage\":\"tr\",\"@id\":\"https:\/\/www.defneyayinevi.com.tr\/#\/schema\/logo\/image\/\",\"url\":\"http:\/\/www.defneyayinevi.com.tr\/wp-content\/uploads\/2023\/12\/defne-2-1.png\",\"contentUrl\":\"http:\/\/www.defneyayinevi.com.tr\/wp-content\/uploads\/2023\/12\/defne-2-1.png\",\"width\":2235,\"height\":663,\"caption\":\"Defne Yay\u0131nevi\"},\"image\":{\"@id\":\"https:\/\/www.defneyayinevi.com.tr\/#\/schema\/logo\/image\/\"}},{\"@type\":\"Person\",\"@id\":\"https:\/\/www.defneyayinevi.com.tr\/#\/schema\/person\/5e98f819200ff7074173fa1855c02abe\",\"name\":\"admin\",\"image\":{\"@type\":\"ImageObject\",\"inLanguage\":\"tr\",\"@id\":\"https:\/\/www.defneyayinevi.com.tr\/#\/schema\/person\/image\/\",\"url\":\"https:\/\/secure.gravatar.com\/avatar\/6e191701dcfdd2fb0c30a94cde6df075?s=96&d=mm&r=g\",\"contentUrl\":\"https:\/\/secure.gravatar.com\/avatar\/6e191701dcfdd2fb0c30a94cde6df075?s=96&d=mm&r=g\",\"caption\":\"admin\"},\"sameAs\":[\"https:\/\/www.defneyayinevi.com.tr\"],\"url\":\"http:\/\/www.defneyayinevi.com.tr\/index.php\/author\/admin\/\"}]}<\/script>\n<!-- \/ Yoast SEO plugin. -->","yoast_head_json":{"title":"Al\u0131\u00e7 Kitap","description":"Yunus bana bu\u011fday gerek demi\u015fse, bu insan\u0131n \u00f6nce karn\u0131n\u0131n doymas\u0131, yani ya\u015famas\u0131 gerekti\u011finin vurgulanmas\u0131d\u0131r, bu d\u00fcnyan\u0131n hakk\u0131n\u0131 vermenin ka\u00e7\u0131n\u0131lmaz oldu\u011fudur","robots":{"index":"index","follow":"follow","max-snippet":"max-snippet:-1","max-image-preview":"max-image-preview:large","max-video-preview":"max-video-preview:-1"},"canonical":"http:\/\/www.defneyayinevi.com.tr\/index.php\/2023\/12\/22\/alic\/","og_locale":"tr_TR","og_type":"article","og_title":"Al\u0131\u00e7 Kitap","og_description":"Yunus bana bu\u011fday gerek demi\u015fse, bu insan\u0131n \u00f6nce karn\u0131n\u0131n doymas\u0131, yani ya\u015famas\u0131 gerekti\u011finin vurgulanmas\u0131d\u0131r, bu d\u00fcnyan\u0131n hakk\u0131n\u0131 vermenin ka\u00e7\u0131n\u0131lmaz oldu\u011fudur","og_url":"http:\/\/www.defneyayinevi.com.tr\/index.php\/2023\/12\/22\/alic\/","og_site_name":"Defne Yay\u0131nevi","article_published_time":"2023-12-22T17:49:29+00:00","article_modified_time":"2025-03-13T08:46:28+00:00","og_image":[{"width":709,"height":1024,"url":"http:\/\/www.defneyayinevi.com.tr\/wp-content\/uploads\/2023\/12\/ALIC-709x1024.jpg","type":"image\/jpeg"}],"author":"admin","twitter_card":"summary_large_image","twitter_misc":{"Yazan:":"admin","Tahmini okuma s\u00fcresi":"2 dakika"},"schema":{"@context":"https:\/\/schema.org","@graph":[{"@type":"Article","@id":"http:\/\/www.defneyayinevi.com.tr\/index.php\/2023\/12\/22\/alic\/#article","isPartOf":{"@id":"http:\/\/www.defneyayinevi.com.tr\/index.php\/2023\/12\/22\/alic\/"},"author":{"name":"admin","@id":"https:\/\/www.defneyayinevi.com.tr\/#\/schema\/person\/5e98f819200ff7074173fa1855c02abe"},"headline":"ALI\u00c7","datePublished":"2023-12-22T17:49:29+00:00","dateModified":"2025-03-13T08:46:28+00:00","mainEntityOfPage":{"@id":"http:\/\/www.defneyayinevi.com.tr\/index.php\/2023\/12\/22\/alic\/"},"wordCount":446,"publisher":{"@id":"https:\/\/www.defneyayinevi.com.tr\/#organization"},"image":{"@id":"http:\/\/www.defneyayinevi.com.tr\/index.php\/2023\/12\/22\/alic\/#primaryimage"},"thumbnailUrl":"http:\/\/www.defneyayinevi.com.tr\/wp-content\/uploads\/2023\/12\/ALIC.jpg","articleSection":["Kitaplar\u0131m\u0131z"],"inLanguage":"tr"},{"@type":"WebPage","@id":"http:\/\/www.defneyayinevi.com.tr\/index.php\/2023\/12\/22\/alic\/","url":"http:\/\/www.defneyayinevi.com.tr\/index.php\/2023\/12\/22\/alic\/","name":"Al\u0131\u00e7 Kitap","isPartOf":{"@id":"https:\/\/www.defneyayinevi.com.tr\/#website"},"primaryImageOfPage":{"@id":"http:\/\/www.defneyayinevi.com.tr\/index.php\/2023\/12\/22\/alic\/#primaryimage"},"image":{"@id":"http:\/\/www.defneyayinevi.com.tr\/index.php\/2023\/12\/22\/alic\/#primaryimage"},"thumbnailUrl":"http:\/\/www.defneyayinevi.com.tr\/wp-content\/uploads\/2023\/12\/ALIC.jpg","datePublished":"2023-12-22T17:49:29+00:00","dateModified":"2025-03-13T08:46:28+00:00","description":"Yunus bana bu\u011fday gerek demi\u015fse, bu insan\u0131n \u00f6nce karn\u0131n\u0131n doymas\u0131, yani ya\u015famas\u0131 gerekti\u011finin vurgulanmas\u0131d\u0131r, bu d\u00fcnyan\u0131n hakk\u0131n\u0131 vermenin ka\u00e7\u0131n\u0131lmaz oldu\u011fudur","breadcrumb":{"@id":"http:\/\/www.defneyayinevi.com.tr\/index.php\/2023\/12\/22\/alic\/#breadcrumb"},"inLanguage":"tr","potentialAction":[{"@type":"ReadAction","target":["http:\/\/www.defneyayinevi.com.tr\/index.php\/2023\/12\/22\/alic\/"]}]},{"@type":"ImageObject","inLanguage":"tr","@id":"http:\/\/www.defneyayinevi.com.tr\/index.php\/2023\/12\/22\/alic\/#primaryimage","url":"http:\/\/www.defneyayinevi.com.tr\/wp-content\/uploads\/2023\/12\/ALIC.jpg","contentUrl":"http:\/\/www.defneyayinevi.com.tr\/wp-content\/uploads\/2023\/12\/ALIC.jpg","width":1594,"height":2303},{"@type":"BreadcrumbList","@id":"http:\/\/www.defneyayinevi.com.tr\/index.php\/2023\/12\/22\/alic\/#breadcrumb","itemListElement":[{"@type":"ListItem","position":1,"name":"Anasayfa","item":"https:\/\/www.defneyayinevi.com.tr\/"},{"@type":"ListItem","position":2,"name":"ALI\u00c7"}]},{"@type":"WebSite","@id":"https:\/\/www.defneyayinevi.com.tr\/#website","url":"https:\/\/www.defneyayinevi.com.tr\/","name":"Defne Yay\u0131nevi","description":"Yarat\u0131c\u0131 Kalemler i\u00e7in...","publisher":{"@id":"https:\/\/www.defneyayinevi.com.tr\/#organization"},"potentialAction":[{"@type":"SearchAction","target":{"@type":"EntryPoint","urlTemplate":"https:\/\/www.defneyayinevi.com.tr\/?s={search_term_string}"},"query-input":{"@type":"PropertyValueSpecification","valueRequired":true,"valueName":"search_term_string"}}],"inLanguage":"tr"},{"@type":"Organization","@id":"https:\/\/www.defneyayinevi.com.tr\/#organization","name":"Defne Yay\u0131nevi","url":"https:\/\/www.defneyayinevi.com.tr\/","logo":{"@type":"ImageObject","inLanguage":"tr","@id":"https:\/\/www.defneyayinevi.com.tr\/#\/schema\/logo\/image\/","url":"http:\/\/www.defneyayinevi.com.tr\/wp-content\/uploads\/2023\/12\/defne-2-1.png","contentUrl":"http:\/\/www.defneyayinevi.com.tr\/wp-content\/uploads\/2023\/12\/defne-2-1.png","width":2235,"height":663,"caption":"Defne Yay\u0131nevi"},"image":{"@id":"https:\/\/www.defneyayinevi.com.tr\/#\/schema\/logo\/image\/"}},{"@type":"Person","@id":"https:\/\/www.defneyayinevi.com.tr\/#\/schema\/person\/5e98f819200ff7074173fa1855c02abe","name":"admin","image":{"@type":"ImageObject","inLanguage":"tr","@id":"https:\/\/www.defneyayinevi.com.tr\/#\/schema\/person\/image\/","url":"https:\/\/secure.gravatar.com\/avatar\/6e191701dcfdd2fb0c30a94cde6df075?s=96&d=mm&r=g","contentUrl":"https:\/\/secure.gravatar.com\/avatar\/6e191701dcfdd2fb0c30a94cde6df075?s=96&d=mm&r=g","caption":"admin"},"sameAs":["https:\/\/www.defneyayinevi.com.tr"],"url":"http:\/\/www.defneyayinevi.com.tr\/index.php\/author\/admin\/"}]}},"_links":{"self":[{"href":"http:\/\/www.defneyayinevi.com.tr\/index.php\/wp-json\/wp\/v2\/posts\/573","targetHints":{"allow":["GET"]}}],"collection":[{"href":"http:\/\/www.defneyayinevi.com.tr\/index.php\/wp-json\/wp\/v2\/posts"}],"about":[{"href":"http:\/\/www.defneyayinevi.com.tr\/index.php\/wp-json\/wp\/v2\/types\/post"}],"author":[{"embeddable":true,"href":"http:\/\/www.defneyayinevi.com.tr\/index.php\/wp-json\/wp\/v2\/users\/1"}],"replies":[{"embeddable":true,"href":"http:\/\/www.defneyayinevi.com.tr\/index.php\/wp-json\/wp\/v2\/comments?post=573"}],"version-history":[{"count":3,"href":"http:\/\/www.defneyayinevi.com.tr\/index.php\/wp-json\/wp\/v2\/posts\/573\/revisions"}],"predecessor-version":[{"id":925,"href":"http:\/\/www.defneyayinevi.com.tr\/index.php\/wp-json\/wp\/v2\/posts\/573\/revisions\/925"}],"wp:featuredmedia":[{"embeddable":true,"href":"http:\/\/www.defneyayinevi.com.tr\/index.php\/wp-json\/wp\/v2\/media\/574"}],"wp:attachment":[{"href":"http:\/\/www.defneyayinevi.com.tr\/index.php\/wp-json\/wp\/v2\/media?parent=573"}],"wp:term":[{"taxonomy":"category","embeddable":true,"href":"http:\/\/www.defneyayinevi.com.tr\/index.php\/wp-json\/wp\/v2\/categories?post=573"},{"taxonomy":"post_tag","embeddable":true,"href":"http:\/\/www.defneyayinevi.com.tr\/index.php\/wp-json\/wp\/v2\/tags?post=573"}],"curies":[{"name":"wp","href":"https:\/\/api.w.org\/{rel}","templated":true}]}}