{"id":564,"date":"2023-12-22T17:28:16","date_gmt":"2023-12-22T17:28:16","guid":{"rendered":"https:\/\/www.defneyayinevi.com.tr\/?p=564"},"modified":"2025-03-11T13:53:38","modified_gmt":"2025-03-11T13:53:38","slug":"umit-baca","status":"publish","type":"post","link":"http:\/\/www.defneyayinevi.com.tr\/index.php\/2023\/12\/22\/umit-baca\/","title":{"rendered":"\u00dcM\u0130T BACA"},"content":{"rendered":"\n<p>\u00dcmit Baca, K\u00fctahya\u2019n\u0131n Emet il\u00e7esinde d\u00fcnyaya geldi.<\/p>\n\n\n\n<p>Lise \u00f6\u011frenimini Tav\u015fanl\u0131 Anadolu \u00d6\u011fretmen Lisesi\u2019nde tamamlad\u0131ktan sonra Uluda\u011f \u00dcniversitesi T\u00fcrk\u00e7e \u00d6\u011fretmenli\u011fi b\u00f6l\u00fcm\u00fcnde lisans \u00f6\u011frenimine devam etti.<\/p>\n\n\n\n<p>Mezuniyetinin ard\u0131ndan da Van\u2019\u0131n Erci\u015f il\u00e7esine atamas\u0131 yap\u0131lan \u00dcmit Baca, orada 3 y\u0131l kald\u0131ktan sonra Eski\u015fehir&#8217;e geldi ve 14 y\u0131ld\u0131r da Eski\u015fehir&#8217;de g\u00f6rev yapmaktad\u0131r.<\/p>\n\n\n\n<p>\u015eu an \u015eehit Onur Ye\u015fil Ortaokulu&#8217;nda T\u00fcrk\u00e7e \u00d6\u011fretmenli\u011fi yapan \u00dcmit Baca, eltisi Semra BACA ile kurdu\u011fu tiyatro ekibiyle T\u00fcrkiye\u2019nin ilk halka a\u00e7\u0131k oynanan okul tiyatrosunun sahibi unvan\u0131n\u0131 gururla ta\u015f\u0131makta, her y\u0131l yeni oyunlar sahneye koymakta, y\u00f6netti\u011fi ve oyuncu olarak da kat\u0131ld\u0131\u011f\u0131 oyunlar\u0131na bu sene velileri de katarak tiyatro toplulu\u011funa yeni bir nefes kazand\u0131r\u0131p \u00f6\u011fretmen, \u00f6\u011frenci ve veliyi ayn\u0131 sahnede bulu\u015fturmaktad\u0131r.<\/p>\n\n\n\n<p>\u00c7ocuk ruhunu her \u015feyden \u00fcst\u00fcn tutan \u00dcmit Baca,&nbsp; sa\u011fl\u0131kl\u0131 ruha sahip \u00e7ocuklar\u0131n sa\u011fl\u0131kl\u0131 ruha sahip ebeveynleri olmas\u0131 gerekti\u011fine inand\u0131\u011f\u0131 i\u00e7in ebeveyn e\u011fitimini ama\u00e7layan Ebeveynlerin G\u00fcc\u00fc Ad\u0131na kitab\u0131 ile e\u011fitici masallar kategorisindeki K\u00fc\u00e7\u00fck Erik A\u011fac\u0131 ve \u00f6yk\u00fc kategorisinde Kay\u0131p \u00c7ocuk\/Bilgisayar Ba\u011f\u0131ml\u0131s\u0131 Efe yay\u0131nlanm\u0131\u015f kitaplar\u0131ndand\u0131r.<\/p>\n\n\n\n<p>\u00d6\u011frenmeye ve kendini geli\u015ftirmeye s\u00fcrekli devam eden \u00dcmit Baca ayn\u0131 zamanda Atat\u00fcrk \u00dcniversitesi \u00c7ocuk Geli\u015fimi mezunudur.<\/p>\n","protected":false},"excerpt":{"rendered":"<p>\u00dcmit Baca, K\u00fctahya\u2019n\u0131n Emet il\u00e7esinde d\u00fcnyaya geldi. Lise \u00f6\u011frenimini Tav\u015fanl\u0131 Anadolu \u00d6\u011fretmen Lisesi\u2019nde tamamlad\u0131ktan sonra Uluda\u011f \u00dcniversitesi T\u00fcrk\u00e7e \u00d6\u011fretmenli\u011fi b\u00f6l\u00fcm\u00fcnde lisans \u00f6\u011frenimine devam etti. Mezuniyetinin ard\u0131ndan da Van\u2019\u0131n Erci\u015f il\u00e7esine atamas\u0131 yap\u0131lan \u00dcmit Baca, orada 3 y\u0131l kald\u0131ktan sonra Eski\u015fehir&#8217;e geldi ve 14 y\u0131ld\u0131r da Eski\u015fehir&#8217;de g\u00f6rev yapmaktad\u0131r. \u015eu an \u015eehit Onur Ye\u015fil Ortaokulu&#8217;nda T\u00fcrk\u00e7e [&hellip;]<\/p>\n","protected":false},"author":1,"featured_media":899,"comment_status":"closed","ping_status":"closed","sticky":false,"template":"","format":"standard","meta":{"footnotes":""},"categories":[36],"tags":[],"class_list":["post-564","post","type-post","status-publish","format-standard","has-post-thumbnail","hentry","category-yazarlar"],"yoast_head":"<!-- This site is optimized with the Yoast SEO plugin v24.6 - https:\/\/yoast.com\/wordpress\/plugins\/seo\/ -->\n<title>\u00dcM\u0130T BACA - Defne Yay\u0131nevi<\/title>\n<meta name=\"robots\" content=\"index, follow, max-snippet:-1, max-image-preview:large, max-video-preview:-1\" \/>\n<link rel=\"canonical\" href=\"http:\/\/www.defneyayinevi.com.tr\/index.php\/2023\/12\/22\/umit-baca\/\" \/>\n<meta property=\"og:locale\" content=\"tr_TR\" \/>\n<meta property=\"og:type\" content=\"article\" \/>\n<meta property=\"og:title\" content=\"\u00dcM\u0130T BACA - Defne Yay\u0131nevi\" \/>\n<meta property=\"og:description\" content=\"\u00dcmit Baca, K\u00fctahya\u2019n\u0131n Emet il\u00e7esinde d\u00fcnyaya geldi. Lise \u00f6\u011frenimini Tav\u015fanl\u0131 Anadolu \u00d6\u011fretmen Lisesi\u2019nde tamamlad\u0131ktan sonra Uluda\u011f \u00dcniversitesi T\u00fcrk\u00e7e \u00d6\u011fretmenli\u011fi b\u00f6l\u00fcm\u00fcnde lisans \u00f6\u011frenimine devam etti. Mezuniyetinin ard\u0131ndan da Van\u2019\u0131n Erci\u015f il\u00e7esine atamas\u0131 yap\u0131lan \u00dcmit Baca, orada 3 y\u0131l kald\u0131ktan sonra Eski\u015fehir&#8217;e geldi ve 14 y\u0131ld\u0131r da Eski\u015fehir&#8217;de g\u00f6rev yapmaktad\u0131r. \u015eu an \u015eehit Onur Ye\u015fil Ortaokulu&#8217;nda T\u00fcrk\u00e7e [&hellip;]\" \/>\n<meta property=\"og:url\" content=\"http:\/\/www.defneyayinevi.com.tr\/index.php\/2023\/12\/22\/umit-baca\/\" \/>\n<meta property=\"og:site_name\" content=\"Defne Yay\u0131nevi\" \/>\n<meta property=\"article:published_time\" content=\"2023-12-22T17:28:16+00:00\" \/>\n<meta property=\"article:modified_time\" content=\"2025-03-11T13:53:38+00:00\" \/>\n<meta property=\"og:image\" content=\"http:\/\/www.defneyayinevi.com.tr\/wp-content\/uploads\/2023\/12\/Umit-baca.jpg\" \/>\n\t<meta property=\"og:image:width\" content=\"531\" \/>\n\t<meta property=\"og:image:height\" content=\"468\" \/>\n\t<meta property=\"og:image:type\" content=\"image\/jpeg\" \/>\n<meta name=\"author\" content=\"admin\" \/>\n<meta name=\"twitter:card\" content=\"summary_large_image\" \/>\n<meta name=\"twitter:label1\" content=\"Yazan:\" \/>\n\t<meta name=\"twitter:data1\" content=\"admin\" \/>\n\t<meta name=\"twitter:label2\" content=\"Tahmini okuma s\u00fcresi\" \/>\n\t<meta name=\"twitter:data2\" content=\"2 dakika\" \/>\n<script type=\"application\/ld+json\" class=\"yoast-schema-graph\">{\"@context\":\"https:\/\/schema.org\",\"@graph\":[{\"@type\":\"Article\",\"@id\":\"http:\/\/www.defneyayinevi.com.tr\/index.php\/2023\/12\/22\/umit-baca\/#article\",\"isPartOf\":{\"@id\":\"http:\/\/www.defneyayinevi.com.tr\/index.php\/2023\/12\/22\/umit-baca\/\"},\"author\":{\"name\":\"admin\",\"@id\":\"https:\/\/www.defneyayinevi.com.tr\/#\/schema\/person\/5e98f819200ff7074173fa1855c02abe\"},\"headline\":\"\u00dcM\u0130T BACA\",\"datePublished\":\"2023-12-22T17:28:16+00:00\",\"dateModified\":\"2025-03-11T13:53:38+00:00\",\"mainEntityOfPage\":{\"@id\":\"http:\/\/www.defneyayinevi.com.tr\/index.php\/2023\/12\/22\/umit-baca\/\"},\"wordCount\":241,\"publisher\":{\"@id\":\"https:\/\/www.defneyayinevi.com.tr\/#organization\"},\"image\":{\"@id\":\"http:\/\/www.defneyayinevi.com.tr\/index.php\/2023\/12\/22\/umit-baca\/#primaryimage\"},\"thumbnailUrl\":\"http:\/\/www.defneyayinevi.com.tr\/wp-content\/uploads\/2023\/12\/Umit-baca.jpg\",\"articleSection\":[\"Yazarlar\"],\"inLanguage\":\"tr\"},{\"@type\":\"WebPage\",\"@id\":\"http:\/\/www.defneyayinevi.com.tr\/index.php\/2023\/12\/22\/umit-baca\/\",\"url\":\"http:\/\/www.defneyayinevi.com.tr\/index.php\/2023\/12\/22\/umit-baca\/\",\"name\":\"\u00dcM\u0130T BACA - Defne Yay\u0131nevi\",\"isPartOf\":{\"@id\":\"https:\/\/www.defneyayinevi.com.tr\/#website\"},\"primaryImageOfPage\":{\"@id\":\"http:\/\/www.defneyayinevi.com.tr\/index.php\/2023\/12\/22\/umit-baca\/#primaryimage\"},\"image\":{\"@id\":\"http:\/\/www.defneyayinevi.com.tr\/index.php\/2023\/12\/22\/umit-baca\/#primaryimage\"},\"thumbnailUrl\":\"http:\/\/www.defneyayinevi.com.tr\/wp-content\/uploads\/2023\/12\/Umit-baca.jpg\",\"datePublished\":\"2023-12-22T17:28:16+00:00\",\"dateModified\":\"2025-03-11T13:53:38+00:00\",\"breadcrumb\":{\"@id\":\"http:\/\/www.defneyayinevi.com.tr\/index.php\/2023\/12\/22\/umit-baca\/#breadcrumb\"},\"inLanguage\":\"tr\",\"potentialAction\":[{\"@type\":\"ReadAction\",\"target\":[\"http:\/\/www.defneyayinevi.com.tr\/index.php\/2023\/12\/22\/umit-baca\/\"]}]},{\"@type\":\"ImageObject\",\"inLanguage\":\"tr\",\"@id\":\"http:\/\/www.defneyayinevi.com.tr\/index.php\/2023\/12\/22\/umit-baca\/#primaryimage\",\"url\":\"http:\/\/www.defneyayinevi.com.tr\/wp-content\/uploads\/2023\/12\/Umit-baca.jpg\",\"contentUrl\":\"http:\/\/www.defneyayinevi.com.tr\/wp-content\/uploads\/2023\/12\/Umit-baca.jpg\",\"width\":531,\"height\":468},{\"@type\":\"BreadcrumbList\",\"@id\":\"http:\/\/www.defneyayinevi.com.tr\/index.php\/2023\/12\/22\/umit-baca\/#breadcrumb\",\"itemListElement\":[{\"@type\":\"ListItem\",\"position\":1,\"name\":\"Anasayfa\",\"item\":\"https:\/\/www.defneyayinevi.com.tr\/\"},{\"@type\":\"ListItem\",\"position\":2,\"name\":\"\u00dcM\u0130T BACA\"}]},{\"@type\":\"WebSite\",\"@id\":\"https:\/\/www.defneyayinevi.com.tr\/#website\",\"url\":\"https:\/\/www.defneyayinevi.com.tr\/\",\"name\":\"Defne Yay\u0131nevi\",\"description\":\"Yarat\u0131c\u0131 Kalemler i\u00e7in...\",\"publisher\":{\"@id\":\"https:\/\/www.defneyayinevi.com.tr\/#organization\"},\"potentialAction\":[{\"@type\":\"SearchAction\",\"target\":{\"@type\":\"EntryPoint\",\"urlTemplate\":\"https:\/\/www.defneyayinevi.com.tr\/?s={search_term_string}\"},\"query-input\":{\"@type\":\"PropertyValueSpecification\",\"valueRequired\":true,\"valueName\":\"search_term_string\"}}],\"inLanguage\":\"tr\"},{\"@type\":\"Organization\",\"@id\":\"https:\/\/www.defneyayinevi.com.tr\/#organization\",\"name\":\"Defne Yay\u0131nevi\",\"url\":\"https:\/\/www.defneyayinevi.com.tr\/\",\"logo\":{\"@type\":\"ImageObject\",\"inLanguage\":\"tr\",\"@id\":\"https:\/\/www.defneyayinevi.com.tr\/#\/schema\/logo\/image\/\",\"url\":\"http:\/\/www.defneyayinevi.com.tr\/wp-content\/uploads\/2023\/12\/defne-2-1.png\",\"contentUrl\":\"http:\/\/www.defneyayinevi.com.tr\/wp-content\/uploads\/2023\/12\/defne-2-1.png\",\"width\":2235,\"height\":663,\"caption\":\"Defne Yay\u0131nevi\"},\"image\":{\"@id\":\"https:\/\/www.defneyayinevi.com.tr\/#\/schema\/logo\/image\/\"}},{\"@type\":\"Person\",\"@id\":\"https:\/\/www.defneyayinevi.com.tr\/#\/schema\/person\/5e98f819200ff7074173fa1855c02abe\",\"name\":\"admin\",\"image\":{\"@type\":\"ImageObject\",\"inLanguage\":\"tr\",\"@id\":\"https:\/\/www.defneyayinevi.com.tr\/#\/schema\/person\/image\/\",\"url\":\"https:\/\/secure.gravatar.com\/avatar\/6e191701dcfdd2fb0c30a94cde6df075?s=96&d=mm&r=g\",\"contentUrl\":\"https:\/\/secure.gravatar.com\/avatar\/6e191701dcfdd2fb0c30a94cde6df075?s=96&d=mm&r=g\",\"caption\":\"admin\"},\"sameAs\":[\"https:\/\/www.defneyayinevi.com.tr\"],\"url\":\"http:\/\/www.defneyayinevi.com.tr\/index.php\/author\/admin\/\"}]}<\/script>\n<!-- \/ Yoast SEO plugin. -->","yoast_head_json":{"title":"\u00dcM\u0130T BACA - Defne Yay\u0131nevi","robots":{"index":"index","follow":"follow","max-snippet":"max-snippet:-1","max-image-preview":"max-image-preview:large","max-video-preview":"max-video-preview:-1"},"canonical":"http:\/\/www.defneyayinevi.com.tr\/index.php\/2023\/12\/22\/umit-baca\/","og_locale":"tr_TR","og_type":"article","og_title":"\u00dcM\u0130T BACA - Defne Yay\u0131nevi","og_description":"\u00dcmit Baca, K\u00fctahya\u2019n\u0131n Emet il\u00e7esinde d\u00fcnyaya geldi. Lise \u00f6\u011frenimini Tav\u015fanl\u0131 Anadolu \u00d6\u011fretmen Lisesi\u2019nde tamamlad\u0131ktan sonra Uluda\u011f \u00dcniversitesi T\u00fcrk\u00e7e \u00d6\u011fretmenli\u011fi b\u00f6l\u00fcm\u00fcnde lisans \u00f6\u011frenimine devam etti. Mezuniyetinin ard\u0131ndan da Van\u2019\u0131n Erci\u015f il\u00e7esine atamas\u0131 yap\u0131lan \u00dcmit Baca, orada 3 y\u0131l kald\u0131ktan sonra Eski\u015fehir&#8217;e geldi ve 14 y\u0131ld\u0131r da Eski\u015fehir&#8217;de g\u00f6rev yapmaktad\u0131r. \u015eu an \u015eehit Onur Ye\u015fil Ortaokulu&#8217;nda T\u00fcrk\u00e7e [&hellip;]","og_url":"http:\/\/www.defneyayinevi.com.tr\/index.php\/2023\/12\/22\/umit-baca\/","og_site_name":"Defne Yay\u0131nevi","article_published_time":"2023-12-22T17:28:16+00:00","article_modified_time":"2025-03-11T13:53:38+00:00","og_image":[{"width":531,"height":468,"url":"http:\/\/www.defneyayinevi.com.tr\/wp-content\/uploads\/2023\/12\/Umit-baca.jpg","type":"image\/jpeg"}],"author":"admin","twitter_card":"summary_large_image","twitter_misc":{"Yazan:":"admin","Tahmini okuma s\u00fcresi":"2 dakika"},"schema":{"@context":"https:\/\/schema.org","@graph":[{"@type":"Article","@id":"http:\/\/www.defneyayinevi.com.tr\/index.php\/2023\/12\/22\/umit-baca\/#article","isPartOf":{"@id":"http:\/\/www.defneyayinevi.com.tr\/index.php\/2023\/12\/22\/umit-baca\/"},"author":{"name":"admin","@id":"https:\/\/www.defneyayinevi.com.tr\/#\/schema\/person\/5e98f819200ff7074173fa1855c02abe"},"headline":"\u00dcM\u0130T BACA","datePublished":"2023-12-22T17:28:16+00:00","dateModified":"2025-03-11T13:53:38+00:00","mainEntityOfPage":{"@id":"http:\/\/www.defneyayinevi.com.tr\/index.php\/2023\/12\/22\/umit-baca\/"},"wordCount":241,"publisher":{"@id":"https:\/\/www.defneyayinevi.com.tr\/#organization"},"image":{"@id":"http:\/\/www.defneyayinevi.com.tr\/index.php\/2023\/12\/22\/umit-baca\/#primaryimage"},"thumbnailUrl":"http:\/\/www.defneyayinevi.com.tr\/wp-content\/uploads\/2023\/12\/Umit-baca.jpg","articleSection":["Yazarlar"],"inLanguage":"tr"},{"@type":"WebPage","@id":"http:\/\/www.defneyayinevi.com.tr\/index.php\/2023\/12\/22\/umit-baca\/","url":"http:\/\/www.defneyayinevi.com.tr\/index.php\/2023\/12\/22\/umit-baca\/","name":"\u00dcM\u0130T BACA - Defne Yay\u0131nevi","isPartOf":{"@id":"https:\/\/www.defneyayinevi.com.tr\/#website"},"primaryImageOfPage":{"@id":"http:\/\/www.defneyayinevi.com.tr\/index.php\/2023\/12\/22\/umit-baca\/#primaryimage"},"image":{"@id":"http:\/\/www.defneyayinevi.com.tr\/index.php\/2023\/12\/22\/umit-baca\/#primaryimage"},"thumbnailUrl":"http:\/\/www.defneyayinevi.com.tr\/wp-content\/uploads\/2023\/12\/Umit-baca.jpg","datePublished":"2023-12-22T17:28:16+00:00","dateModified":"2025-03-11T13:53:38+00:00","breadcrumb":{"@id":"http:\/\/www.defneyayinevi.com.tr\/index.php\/2023\/12\/22\/umit-baca\/#breadcrumb"},"inLanguage":"tr","potentialAction":[{"@type":"ReadAction","target":["http:\/\/www.defneyayinevi.com.tr\/index.php\/2023\/12\/22\/umit-baca\/"]}]},{"@type":"ImageObject","inLanguage":"tr","@id":"http:\/\/www.defneyayinevi.com.tr\/index.php\/2023\/12\/22\/umit-baca\/#primaryimage","url":"http:\/\/www.defneyayinevi.com.tr\/wp-content\/uploads\/2023\/12\/Umit-baca.jpg","contentUrl":"http:\/\/www.defneyayinevi.com.tr\/wp-content\/uploads\/2023\/12\/Umit-baca.jpg","width":531,"height":468},{"@type":"BreadcrumbList","@id":"http:\/\/www.defneyayinevi.com.tr\/index.php\/2023\/12\/22\/umit-baca\/#breadcrumb","itemListElement":[{"@type":"ListItem","position":1,"name":"Anasayfa","item":"https:\/\/www.defneyayinevi.com.tr\/"},{"@type":"ListItem","position":2,"name":"\u00dcM\u0130T BACA"}]},{"@type":"WebSite","@id":"https:\/\/www.defneyayinevi.com.tr\/#website","url":"https:\/\/www.defneyayinevi.com.tr\/","name":"Defne Yay\u0131nevi","description":"Yarat\u0131c\u0131 Kalemler i\u00e7in...","publisher":{"@id":"https:\/\/www.defneyayinevi.com.tr\/#organization"},"potentialAction":[{"@type":"SearchAction","target":{"@type":"EntryPoint","urlTemplate":"https:\/\/www.defneyayinevi.com.tr\/?s={search_term_string}"},"query-input":{"@type":"PropertyValueSpecification","valueRequired":true,"valueName":"search_term_string"}}],"inLanguage":"tr"},{"@type":"Organization","@id":"https:\/\/www.defneyayinevi.com.tr\/#organization","name":"Defne Yay\u0131nevi","url":"https:\/\/www.defneyayinevi.com.tr\/","logo":{"@type":"ImageObject","inLanguage":"tr","@id":"https:\/\/www.defneyayinevi.com.tr\/#\/schema\/logo\/image\/","url":"http:\/\/www.defneyayinevi.com.tr\/wp-content\/uploads\/2023\/12\/defne-2-1.png","contentUrl":"http:\/\/www.defneyayinevi.com.tr\/wp-content\/uploads\/2023\/12\/defne-2-1.png","width":2235,"height":663,"caption":"Defne Yay\u0131nevi"},"image":{"@id":"https:\/\/www.defneyayinevi.com.tr\/#\/schema\/logo\/image\/"}},{"@type":"Person","@id":"https:\/\/www.defneyayinevi.com.tr\/#\/schema\/person\/5e98f819200ff7074173fa1855c02abe","name":"admin","image":{"@type":"ImageObject","inLanguage":"tr","@id":"https:\/\/www.defneyayinevi.com.tr\/#\/schema\/person\/image\/","url":"https:\/\/secure.gravatar.com\/avatar\/6e191701dcfdd2fb0c30a94cde6df075?s=96&d=mm&r=g","contentUrl":"https:\/\/secure.gravatar.com\/avatar\/6e191701dcfdd2fb0c30a94cde6df075?s=96&d=mm&r=g","caption":"admin"},"sameAs":["https:\/\/www.defneyayinevi.com.tr"],"url":"http:\/\/www.defneyayinevi.com.tr\/index.php\/author\/admin\/"}]}},"_links":{"self":[{"href":"http:\/\/www.defneyayinevi.com.tr\/index.php\/wp-json\/wp\/v2\/posts\/564","targetHints":{"allow":["GET"]}}],"collection":[{"href":"http:\/\/www.defneyayinevi.com.tr\/index.php\/wp-json\/wp\/v2\/posts"}],"about":[{"href":"http:\/\/www.defneyayinevi.com.tr\/index.php\/wp-json\/wp\/v2\/types\/post"}],"author":[{"embeddable":true,"href":"http:\/\/www.defneyayinevi.com.tr\/index.php\/wp-json\/wp\/v2\/users\/1"}],"replies":[{"embeddable":true,"href":"http:\/\/www.defneyayinevi.com.tr\/index.php\/wp-json\/wp\/v2\/comments?post=564"}],"version-history":[{"count":1,"href":"http:\/\/www.defneyayinevi.com.tr\/index.php\/wp-json\/wp\/v2\/posts\/564\/revisions"}],"predecessor-version":[{"id":566,"href":"http:\/\/www.defneyayinevi.com.tr\/index.php\/wp-json\/wp\/v2\/posts\/564\/revisions\/566"}],"wp:featuredmedia":[{"embeddable":true,"href":"http:\/\/www.defneyayinevi.com.tr\/index.php\/wp-json\/wp\/v2\/media\/899"}],"wp:attachment":[{"href":"http:\/\/www.defneyayinevi.com.tr\/index.php\/wp-json\/wp\/v2\/media?parent=564"}],"wp:term":[{"taxonomy":"category","embeddable":true,"href":"http:\/\/www.defneyayinevi.com.tr\/index.php\/wp-json\/wp\/v2\/categories?post=564"},{"taxonomy":"post_tag","embeddable":true,"href":"http:\/\/www.defneyayinevi.com.tr\/index.php\/wp-json\/wp\/v2\/tags?post=564"}],"curies":[{"name":"wp","href":"https:\/\/api.w.org\/{rel}","templated":true}]}}