{"id":558,"date":"2023-12-22T17:20:05","date_gmt":"2023-12-22T17:20:05","guid":{"rendered":"https:\/\/www.defneyayinevi.com.tr\/?p=558"},"modified":"2025-03-11T13:54:36","modified_gmt":"2025-03-11T13:54:36","slug":"serap-okcu","status":"publish","type":"post","link":"http:\/\/www.defneyayinevi.com.tr\/index.php\/2023\/12\/22\/serap-okcu\/","title":{"rendered":"SERAP OK\u00c7U"},"content":{"rendered":"\n<p>Adana da d\u00fcnyaya gelmi\u015f&nbsp; olan \u015eair yazar gazeteci tv programc\u0131s\u0131 ve sunucusu&nbsp; Serap Ok\u00e7u bug\u00fcne kadar yazd\u0131\u011f\u0131 \u015fiirlerle ve g\u00fcftelerle birlikte iki kitap \u00e7\u0131karm\u0131\u015ft\u0131r. Bir\u00e7ok projede yer alarak ad\u0131ndan s\u00f6z ettirmi\u015ftir. Yap\u0131mc\u0131l\u0131\u011f\u0131n\u0131 ve sunuculu\u011funu \u00fcstlendi\u011fi tv programlar\u0131 yapm\u0131\u015ft\u0131r.<\/p>\n\n\n\n<p>Adana da tan\u0131nm\u0131\u015f bir ailenin ve memur bir baban\u0131n&nbsp; alt\u0131 \u00e7ocu\u011fundan&nbsp; biridir. Ayn\u0131 zamanda yazd\u0131\u011f\u0131 BABAM \u015fiiri ile g\u00fcndemde ad\u0131ndan s\u00f6z ettirmi\u015ftir bir \u00e7ok yerel gazetelerde k\u00f6\u015fe yazarl\u0131\u011f\u0131 yapm\u0131\u015f olup on parma\u011f\u0131nda on marifet olan ilkokul s\u0131ralar\u0131nda sahne ortam\u0131 ile tan\u0131\u015farak sunuculu\u011fa ba\u015flam\u0131\u015ft\u0131r. Okul y\u0131llar\u0131nda da sahne tozu ile i\u00e7 i\u00e7e olup bu y\u0131llara kadar devam etmi\u015ftir. Yazarl\u0131k y\u0131llar\u0131 da okul s\u0131ralar\u0131nda k\u00fc\u00e7\u00fck hikayelerle olmu\u015ftur daha sonra \u015fiir ile kitab\u0131na imza atm\u0131\u015ft\u0131r.<\/p>\n\n\n\n<p>\u0130ki \u00e7ocuk annesi olan yazar\u0131m\u0131z k\u00fc\u00e7\u00fck ya\u015fta yapt\u0131\u011f\u0131 ve&nbsp; k\u00f6t\u00fc ge\u00e7en evlili\u011finin ard\u0131ndan kendini tamamen sanata&nbsp; adam\u0131\u015f olup&nbsp; hayat\u0131n b\u00fct\u00fcn zorluklar\u0131na ra\u011fmen ayakta kal\u0131p \u015fimdi de kendi hayat hikayesini romanda birle\u015ftirmeye karar vermi\u015ftir. Ac\u0131 ve s\u0131k\u0131nt\u0131larla dolu bir hayat hikayesi b\u00fct\u00fcn kad\u0131nlar\u0131n sesi olacakt\u0131r bundan eminiz. Kitab\u0131n\u0131n b\u00fcy\u00fck bir kitleye ula\u015faca\u011f\u0131n\u0131 \u00fcmit ederek ger\u00e7ek bir ya\u015fam hikayesinde okuyan herkesin kendini bulaca\u011f\u0131n\u0131 s\u00f6ylemektedir&#8230;<\/p>\n\n\n\n<p>Uzun bir hayat hikayesinde verdi\u011fi m\u00fccadelelerle nas\u0131l ba\u015fetti\u011fini roman\u0131 bitince okuyup birebir ya\u015fayacaks\u0131n\u0131z. \u00c7\u0131kard\u0131\u011f\u0131 kitaplar A\u015eKIN G\u00d6ZYA\u015eI VE SESS\u0130Z \u00c7I\u011eLIKLARIM bunun yan\u0131nda EVREN\u0130N \u015e\u0130\u0130R BAH\u00c7ES\u0130 antolojiside ona aittir&nbsp; bas\u0131ma haz\u0131r bir \u015fekilde \u00fc\u00e7 kitapl\u0131k \u015fiirleri de beklemektedir.<\/p>\n\n\n\n<p>Kendi do\u011frular\u0131 ile y\u0131k\u0131lmad\u0131m ayaktay\u0131m diyen ve m\u00fccadeleyi b\u0131rakmay\u0131p hayata yenik d\u00fc\u015fmeyen g\u00fc\u00e7l\u00fc ve \u00f6zverili bir Adanal\u0131 &#8230;&#8230;&#8230;<\/p>\n\n\n\n<p>Sevenleri ile her zaman var olan yepyeni \u00e7al\u0131\u015fmalar\u0131 ile bizlerle yak\u0131n bir zamanda.<\/p>\n","protected":false},"excerpt":{"rendered":"<p>Adana da d\u00fcnyaya gelmi\u015f&nbsp; olan \u015eair yazar gazeteci tv programc\u0131s\u0131 ve sunucusu&nbsp; Serap Ok\u00e7u bug\u00fcne kadar yazd\u0131\u011f\u0131 \u015fiirlerle ve g\u00fcftelerle birlikte iki kitap \u00e7\u0131karm\u0131\u015ft\u0131r. Bir\u00e7ok projede yer alarak ad\u0131ndan s\u00f6z ettirmi\u015ftir. Yap\u0131mc\u0131l\u0131\u011f\u0131n\u0131 ve sunuculu\u011funu \u00fcstlendi\u011fi tv programlar\u0131 yapm\u0131\u015ft\u0131r. Adana da tan\u0131nm\u0131\u015f bir ailenin ve memur bir baban\u0131n&nbsp; alt\u0131 \u00e7ocu\u011fundan&nbsp; biridir. Ayn\u0131 zamanda yazd\u0131\u011f\u0131 BABAM \u015fiiri [&hellip;]<\/p>\n","protected":false},"author":1,"featured_media":901,"comment_status":"closed","ping_status":"closed","sticky":false,"template":"","format":"standard","meta":{"footnotes":""},"categories":[36],"tags":[],"class_list":["post-558","post","type-post","status-publish","format-standard","has-post-thumbnail","hentry","category-yazarlar"],"yoast_head":"<!-- This site is optimized with the Yoast SEO plugin v24.6 - https:\/\/yoast.com\/wordpress\/plugins\/seo\/ -->\n<title>SERAP OK\u00c7U - Defne Yay\u0131nevi<\/title>\n<meta name=\"robots\" content=\"index, follow, max-snippet:-1, max-image-preview:large, max-video-preview:-1\" \/>\n<link rel=\"canonical\" href=\"http:\/\/www.defneyayinevi.com.tr\/index.php\/2023\/12\/22\/serap-okcu\/\" \/>\n<meta property=\"og:locale\" content=\"tr_TR\" \/>\n<meta property=\"og:type\" content=\"article\" \/>\n<meta property=\"og:title\" content=\"SERAP OK\u00c7U - Defne Yay\u0131nevi\" \/>\n<meta property=\"og:description\" content=\"Adana da d\u00fcnyaya gelmi\u015f&nbsp; olan \u015eair yazar gazeteci tv programc\u0131s\u0131 ve sunucusu&nbsp; Serap Ok\u00e7u bug\u00fcne kadar yazd\u0131\u011f\u0131 \u015fiirlerle ve g\u00fcftelerle birlikte iki kitap \u00e7\u0131karm\u0131\u015ft\u0131r. Bir\u00e7ok projede yer alarak ad\u0131ndan s\u00f6z ettirmi\u015ftir. Yap\u0131mc\u0131l\u0131\u011f\u0131n\u0131 ve sunuculu\u011funu \u00fcstlendi\u011fi tv programlar\u0131 yapm\u0131\u015ft\u0131r. Adana da tan\u0131nm\u0131\u015f bir ailenin ve memur bir baban\u0131n&nbsp; alt\u0131 \u00e7ocu\u011fundan&nbsp; biridir. Ayn\u0131 zamanda yazd\u0131\u011f\u0131 BABAM \u015fiiri [&hellip;]\" \/>\n<meta property=\"og:url\" content=\"http:\/\/www.defneyayinevi.com.tr\/index.php\/2023\/12\/22\/serap-okcu\/\" \/>\n<meta property=\"og:site_name\" content=\"Defne Yay\u0131nevi\" \/>\n<meta property=\"article:published_time\" content=\"2023-12-22T17:20:05+00:00\" \/>\n<meta property=\"article:modified_time\" content=\"2025-03-11T13:54:36+00:00\" \/>\n<meta property=\"og:image\" content=\"http:\/\/www.defneyayinevi.com.tr\/wp-content\/uploads\/2023\/12\/serap-okcu.jpg\" \/>\n\t<meta property=\"og:image:width\" content=\"531\" \/>\n\t<meta property=\"og:image:height\" content=\"468\" \/>\n\t<meta property=\"og:image:type\" content=\"image\/jpeg\" \/>\n<meta name=\"author\" content=\"admin\" \/>\n<meta name=\"twitter:card\" content=\"summary_large_image\" \/>\n<meta name=\"twitter:label1\" content=\"Yazan:\" \/>\n\t<meta name=\"twitter:data1\" content=\"admin\" \/>\n\t<meta name=\"twitter:label2\" content=\"Tahmini okuma s\u00fcresi\" \/>\n\t<meta name=\"twitter:data2\" content=\"2 dakika\" \/>\n<script type=\"application\/ld+json\" class=\"yoast-schema-graph\">{\"@context\":\"https:\/\/schema.org\",\"@graph\":[{\"@type\":\"Article\",\"@id\":\"http:\/\/www.defneyayinevi.com.tr\/index.php\/2023\/12\/22\/serap-okcu\/#article\",\"isPartOf\":{\"@id\":\"http:\/\/www.defneyayinevi.com.tr\/index.php\/2023\/12\/22\/serap-okcu\/\"},\"author\":{\"name\":\"admin\",\"@id\":\"https:\/\/www.defneyayinevi.com.tr\/#\/schema\/person\/5e98f819200ff7074173fa1855c02abe\"},\"headline\":\"SERAP OK\u00c7U\",\"datePublished\":\"2023-12-22T17:20:05+00:00\",\"dateModified\":\"2025-03-11T13:54:36+00:00\",\"mainEntityOfPage\":{\"@id\":\"http:\/\/www.defneyayinevi.com.tr\/index.php\/2023\/12\/22\/serap-okcu\/\"},\"wordCount\":362,\"publisher\":{\"@id\":\"https:\/\/www.defneyayinevi.com.tr\/#organization\"},\"image\":{\"@id\":\"http:\/\/www.defneyayinevi.com.tr\/index.php\/2023\/12\/22\/serap-okcu\/#primaryimage\"},\"thumbnailUrl\":\"http:\/\/www.defneyayinevi.com.tr\/wp-content\/uploads\/2023\/12\/serap-okcu.jpg\",\"articleSection\":[\"Yazarlar\"],\"inLanguage\":\"tr\"},{\"@type\":\"WebPage\",\"@id\":\"http:\/\/www.defneyayinevi.com.tr\/index.php\/2023\/12\/22\/serap-okcu\/\",\"url\":\"http:\/\/www.defneyayinevi.com.tr\/index.php\/2023\/12\/22\/serap-okcu\/\",\"name\":\"SERAP OK\u00c7U - Defne Yay\u0131nevi\",\"isPartOf\":{\"@id\":\"https:\/\/www.defneyayinevi.com.tr\/#website\"},\"primaryImageOfPage\":{\"@id\":\"http:\/\/www.defneyayinevi.com.tr\/index.php\/2023\/12\/22\/serap-okcu\/#primaryimage\"},\"image\":{\"@id\":\"http:\/\/www.defneyayinevi.com.tr\/index.php\/2023\/12\/22\/serap-okcu\/#primaryimage\"},\"thumbnailUrl\":\"http:\/\/www.defneyayinevi.com.tr\/wp-content\/uploads\/2023\/12\/serap-okcu.jpg\",\"datePublished\":\"2023-12-22T17:20:05+00:00\",\"dateModified\":\"2025-03-11T13:54:36+00:00\",\"breadcrumb\":{\"@id\":\"http:\/\/www.defneyayinevi.com.tr\/index.php\/2023\/12\/22\/serap-okcu\/#breadcrumb\"},\"inLanguage\":\"tr\",\"potentialAction\":[{\"@type\":\"ReadAction\",\"target\":[\"http:\/\/www.defneyayinevi.com.tr\/index.php\/2023\/12\/22\/serap-okcu\/\"]}]},{\"@type\":\"ImageObject\",\"inLanguage\":\"tr\",\"@id\":\"http:\/\/www.defneyayinevi.com.tr\/index.php\/2023\/12\/22\/serap-okcu\/#primaryimage\",\"url\":\"http:\/\/www.defneyayinevi.com.tr\/wp-content\/uploads\/2023\/12\/serap-okcu.jpg\",\"contentUrl\":\"http:\/\/www.defneyayinevi.com.tr\/wp-content\/uploads\/2023\/12\/serap-okcu.jpg\",\"width\":531,\"height\":468},{\"@type\":\"BreadcrumbList\",\"@id\":\"http:\/\/www.defneyayinevi.com.tr\/index.php\/2023\/12\/22\/serap-okcu\/#breadcrumb\",\"itemListElement\":[{\"@type\":\"ListItem\",\"position\":1,\"name\":\"Anasayfa\",\"item\":\"https:\/\/www.defneyayinevi.com.tr\/\"},{\"@type\":\"ListItem\",\"position\":2,\"name\":\"SERAP OK\u00c7U\"}]},{\"@type\":\"WebSite\",\"@id\":\"https:\/\/www.defneyayinevi.com.tr\/#website\",\"url\":\"https:\/\/www.defneyayinevi.com.tr\/\",\"name\":\"Defne Yay\u0131nevi\",\"description\":\"Yarat\u0131c\u0131 Kalemler i\u00e7in...\",\"publisher\":{\"@id\":\"https:\/\/www.defneyayinevi.com.tr\/#organization\"},\"potentialAction\":[{\"@type\":\"SearchAction\",\"target\":{\"@type\":\"EntryPoint\",\"urlTemplate\":\"https:\/\/www.defneyayinevi.com.tr\/?s={search_term_string}\"},\"query-input\":{\"@type\":\"PropertyValueSpecification\",\"valueRequired\":true,\"valueName\":\"search_term_string\"}}],\"inLanguage\":\"tr\"},{\"@type\":\"Organization\",\"@id\":\"https:\/\/www.defneyayinevi.com.tr\/#organization\",\"name\":\"Defne Yay\u0131nevi\",\"url\":\"https:\/\/www.defneyayinevi.com.tr\/\",\"logo\":{\"@type\":\"ImageObject\",\"inLanguage\":\"tr\",\"@id\":\"https:\/\/www.defneyayinevi.com.tr\/#\/schema\/logo\/image\/\",\"url\":\"http:\/\/www.defneyayinevi.com.tr\/wp-content\/uploads\/2023\/12\/defne-2-1.png\",\"contentUrl\":\"http:\/\/www.defneyayinevi.com.tr\/wp-content\/uploads\/2023\/12\/defne-2-1.png\",\"width\":2235,\"height\":663,\"caption\":\"Defne Yay\u0131nevi\"},\"image\":{\"@id\":\"https:\/\/www.defneyayinevi.com.tr\/#\/schema\/logo\/image\/\"}},{\"@type\":\"Person\",\"@id\":\"https:\/\/www.defneyayinevi.com.tr\/#\/schema\/person\/5e98f819200ff7074173fa1855c02abe\",\"name\":\"admin\",\"image\":{\"@type\":\"ImageObject\",\"inLanguage\":\"tr\",\"@id\":\"https:\/\/www.defneyayinevi.com.tr\/#\/schema\/person\/image\/\",\"url\":\"https:\/\/secure.gravatar.com\/avatar\/6e191701dcfdd2fb0c30a94cde6df075?s=96&d=mm&r=g\",\"contentUrl\":\"https:\/\/secure.gravatar.com\/avatar\/6e191701dcfdd2fb0c30a94cde6df075?s=96&d=mm&r=g\",\"caption\":\"admin\"},\"sameAs\":[\"https:\/\/www.defneyayinevi.com.tr\"],\"url\":\"http:\/\/www.defneyayinevi.com.tr\/index.php\/author\/admin\/\"}]}<\/script>\n<!-- \/ Yoast SEO plugin. -->","yoast_head_json":{"title":"SERAP OK\u00c7U - Defne Yay\u0131nevi","robots":{"index":"index","follow":"follow","max-snippet":"max-snippet:-1","max-image-preview":"max-image-preview:large","max-video-preview":"max-video-preview:-1"},"canonical":"http:\/\/www.defneyayinevi.com.tr\/index.php\/2023\/12\/22\/serap-okcu\/","og_locale":"tr_TR","og_type":"article","og_title":"SERAP OK\u00c7U - Defne Yay\u0131nevi","og_description":"Adana da d\u00fcnyaya gelmi\u015f&nbsp; olan \u015eair yazar gazeteci tv programc\u0131s\u0131 ve sunucusu&nbsp; Serap Ok\u00e7u bug\u00fcne kadar yazd\u0131\u011f\u0131 \u015fiirlerle ve g\u00fcftelerle birlikte iki kitap \u00e7\u0131karm\u0131\u015ft\u0131r. Bir\u00e7ok projede yer alarak ad\u0131ndan s\u00f6z ettirmi\u015ftir. Yap\u0131mc\u0131l\u0131\u011f\u0131n\u0131 ve sunuculu\u011funu \u00fcstlendi\u011fi tv programlar\u0131 yapm\u0131\u015ft\u0131r. Adana da tan\u0131nm\u0131\u015f bir ailenin ve memur bir baban\u0131n&nbsp; alt\u0131 \u00e7ocu\u011fundan&nbsp; biridir. Ayn\u0131 zamanda yazd\u0131\u011f\u0131 BABAM \u015fiiri [&hellip;]","og_url":"http:\/\/www.defneyayinevi.com.tr\/index.php\/2023\/12\/22\/serap-okcu\/","og_site_name":"Defne Yay\u0131nevi","article_published_time":"2023-12-22T17:20:05+00:00","article_modified_time":"2025-03-11T13:54:36+00:00","og_image":[{"width":531,"height":468,"url":"http:\/\/www.defneyayinevi.com.tr\/wp-content\/uploads\/2023\/12\/serap-okcu.jpg","type":"image\/jpeg"}],"author":"admin","twitter_card":"summary_large_image","twitter_misc":{"Yazan:":"admin","Tahmini okuma s\u00fcresi":"2 dakika"},"schema":{"@context":"https:\/\/schema.org","@graph":[{"@type":"Article","@id":"http:\/\/www.defneyayinevi.com.tr\/index.php\/2023\/12\/22\/serap-okcu\/#article","isPartOf":{"@id":"http:\/\/www.defneyayinevi.com.tr\/index.php\/2023\/12\/22\/serap-okcu\/"},"author":{"name":"admin","@id":"https:\/\/www.defneyayinevi.com.tr\/#\/schema\/person\/5e98f819200ff7074173fa1855c02abe"},"headline":"SERAP OK\u00c7U","datePublished":"2023-12-22T17:20:05+00:00","dateModified":"2025-03-11T13:54:36+00:00","mainEntityOfPage":{"@id":"http:\/\/www.defneyayinevi.com.tr\/index.php\/2023\/12\/22\/serap-okcu\/"},"wordCount":362,"publisher":{"@id":"https:\/\/www.defneyayinevi.com.tr\/#organization"},"image":{"@id":"http:\/\/www.defneyayinevi.com.tr\/index.php\/2023\/12\/22\/serap-okcu\/#primaryimage"},"thumbnailUrl":"http:\/\/www.defneyayinevi.com.tr\/wp-content\/uploads\/2023\/12\/serap-okcu.jpg","articleSection":["Yazarlar"],"inLanguage":"tr"},{"@type":"WebPage","@id":"http:\/\/www.defneyayinevi.com.tr\/index.php\/2023\/12\/22\/serap-okcu\/","url":"http:\/\/www.defneyayinevi.com.tr\/index.php\/2023\/12\/22\/serap-okcu\/","name":"SERAP OK\u00c7U - Defne Yay\u0131nevi","isPartOf":{"@id":"https:\/\/www.defneyayinevi.com.tr\/#website"},"primaryImageOfPage":{"@id":"http:\/\/www.defneyayinevi.com.tr\/index.php\/2023\/12\/22\/serap-okcu\/#primaryimage"},"image":{"@id":"http:\/\/www.defneyayinevi.com.tr\/index.php\/2023\/12\/22\/serap-okcu\/#primaryimage"},"thumbnailUrl":"http:\/\/www.defneyayinevi.com.tr\/wp-content\/uploads\/2023\/12\/serap-okcu.jpg","datePublished":"2023-12-22T17:20:05+00:00","dateModified":"2025-03-11T13:54:36+00:00","breadcrumb":{"@id":"http:\/\/www.defneyayinevi.com.tr\/index.php\/2023\/12\/22\/serap-okcu\/#breadcrumb"},"inLanguage":"tr","potentialAction":[{"@type":"ReadAction","target":["http:\/\/www.defneyayinevi.com.tr\/index.php\/2023\/12\/22\/serap-okcu\/"]}]},{"@type":"ImageObject","inLanguage":"tr","@id":"http:\/\/www.defneyayinevi.com.tr\/index.php\/2023\/12\/22\/serap-okcu\/#primaryimage","url":"http:\/\/www.defneyayinevi.com.tr\/wp-content\/uploads\/2023\/12\/serap-okcu.jpg","contentUrl":"http:\/\/www.defneyayinevi.com.tr\/wp-content\/uploads\/2023\/12\/serap-okcu.jpg","width":531,"height":468},{"@type":"BreadcrumbList","@id":"http:\/\/www.defneyayinevi.com.tr\/index.php\/2023\/12\/22\/serap-okcu\/#breadcrumb","itemListElement":[{"@type":"ListItem","position":1,"name":"Anasayfa","item":"https:\/\/www.defneyayinevi.com.tr\/"},{"@type":"ListItem","position":2,"name":"SERAP OK\u00c7U"}]},{"@type":"WebSite","@id":"https:\/\/www.defneyayinevi.com.tr\/#website","url":"https:\/\/www.defneyayinevi.com.tr\/","name":"Defne Yay\u0131nevi","description":"Yarat\u0131c\u0131 Kalemler i\u00e7in...","publisher":{"@id":"https:\/\/www.defneyayinevi.com.tr\/#organization"},"potentialAction":[{"@type":"SearchAction","target":{"@type":"EntryPoint","urlTemplate":"https:\/\/www.defneyayinevi.com.tr\/?s={search_term_string}"},"query-input":{"@type":"PropertyValueSpecification","valueRequired":true,"valueName":"search_term_string"}}],"inLanguage":"tr"},{"@type":"Organization","@id":"https:\/\/www.defneyayinevi.com.tr\/#organization","name":"Defne Yay\u0131nevi","url":"https:\/\/www.defneyayinevi.com.tr\/","logo":{"@type":"ImageObject","inLanguage":"tr","@id":"https:\/\/www.defneyayinevi.com.tr\/#\/schema\/logo\/image\/","url":"http:\/\/www.defneyayinevi.com.tr\/wp-content\/uploads\/2023\/12\/defne-2-1.png","contentUrl":"http:\/\/www.defneyayinevi.com.tr\/wp-content\/uploads\/2023\/12\/defne-2-1.png","width":2235,"height":663,"caption":"Defne Yay\u0131nevi"},"image":{"@id":"https:\/\/www.defneyayinevi.com.tr\/#\/schema\/logo\/image\/"}},{"@type":"Person","@id":"https:\/\/www.defneyayinevi.com.tr\/#\/schema\/person\/5e98f819200ff7074173fa1855c02abe","name":"admin","image":{"@type":"ImageObject","inLanguage":"tr","@id":"https:\/\/www.defneyayinevi.com.tr\/#\/schema\/person\/image\/","url":"https:\/\/secure.gravatar.com\/avatar\/6e191701dcfdd2fb0c30a94cde6df075?s=96&d=mm&r=g","contentUrl":"https:\/\/secure.gravatar.com\/avatar\/6e191701dcfdd2fb0c30a94cde6df075?s=96&d=mm&r=g","caption":"admin"},"sameAs":["https:\/\/www.defneyayinevi.com.tr"],"url":"http:\/\/www.defneyayinevi.com.tr\/index.php\/author\/admin\/"}]}},"_links":{"self":[{"href":"http:\/\/www.defneyayinevi.com.tr\/index.php\/wp-json\/wp\/v2\/posts\/558","targetHints":{"allow":["GET"]}}],"collection":[{"href":"http:\/\/www.defneyayinevi.com.tr\/index.php\/wp-json\/wp\/v2\/posts"}],"about":[{"href":"http:\/\/www.defneyayinevi.com.tr\/index.php\/wp-json\/wp\/v2\/types\/post"}],"author":[{"embeddable":true,"href":"http:\/\/www.defneyayinevi.com.tr\/index.php\/wp-json\/wp\/v2\/users\/1"}],"replies":[{"embeddable":true,"href":"http:\/\/www.defneyayinevi.com.tr\/index.php\/wp-json\/wp\/v2\/comments?post=558"}],"version-history":[{"count":1,"href":"http:\/\/www.defneyayinevi.com.tr\/index.php\/wp-json\/wp\/v2\/posts\/558\/revisions"}],"predecessor-version":[{"id":560,"href":"http:\/\/www.defneyayinevi.com.tr\/index.php\/wp-json\/wp\/v2\/posts\/558\/revisions\/560"}],"wp:featuredmedia":[{"embeddable":true,"href":"http:\/\/www.defneyayinevi.com.tr\/index.php\/wp-json\/wp\/v2\/media\/901"}],"wp:attachment":[{"href":"http:\/\/www.defneyayinevi.com.tr\/index.php\/wp-json\/wp\/v2\/media?parent=558"}],"wp:term":[{"taxonomy":"category","embeddable":true,"href":"http:\/\/www.defneyayinevi.com.tr\/index.php\/wp-json\/wp\/v2\/categories?post=558"},{"taxonomy":"post_tag","embeddable":true,"href":"http:\/\/www.defneyayinevi.com.tr\/index.php\/wp-json\/wp\/v2\/tags?post=558"}],"curies":[{"name":"wp","href":"https:\/\/api.w.org\/{rel}","templated":true}]}}